{"id":1250,"date":"2021-12-08T16:53:36","date_gmt":"2021-12-08T16:53:36","guid":{"rendered":"http:\/\/www.mortician.at\/?p=1250"},"modified":"2021-12-08T16:53:36","modified_gmt":"2021-12-08T16:53:36","slug":"hard-n-heavy-2022","status":"publish","type":"post","link":"https:\/\/www.mortician.at\/?p=1250","title":{"rendered":"Hard N&#8217; Heavy 2022!!!"},"content":{"rendered":"<p>Am 20.08.2022 findet das 10 Hard n Heavy Festival statt. Ein gro\u00dfes Jubil\u00e4um, welches nat\u00fcrlich gefeiert werden muss. Wie schon seit einigen Jahren findet das Konzert in Satteins (bei Feldkirch) beim Fu\u00dfballplatz statt. Es ist eine grandiose Lokation, mit viel Platz (teils \u00fcberdacht) und Blick auf die Berge. Auch 2022 werden wieder 6 Bands am Start sein. Wir sind sehr gl\u00fccklich, ein Line Up der Sonderklasse pr\u00e4sentieren zu d\u00fcrfen. Dabei als Headliner, eine der besten Bands aus Deutschland<br \/>\nMystic Prophecy (D)<br \/>\nMortician (A)<br \/>\nRoadwolf (A)<br \/>\nHigway Killer (D)<br \/>\nJudge Minos (CH)<br \/>\nThe Phobos Ensemble (A)<br \/>\nDetails \u00fcber die Bands, Vorverkauf usw. folgen im n\u00e4chsten Monat. Bitte Termin mal im Kalender dick eintragen. Wir freuen uns auf euch. METAL IS FORVER und frohe Weihnachten.<\/p>\n<p><a href=\"http:\/\/www.mortician.at\/wp-content\/uploads\/2021\/12\/hardnheavy2022.jpg\" rel=\"lightbox[1250]\"><img loading=\"lazy\" decoding=\"async\" class=\"alignleft size-large wp-image-1251\" title=\"hardnheavy2022\" src=\"http:\/\/www.mortician.at\/wp-content\/uploads\/2021\/12\/hardnheavy2022-745x1024.jpg\" alt=\"\" width=\"550\" height=\"755\" srcset=\"https:\/\/www.mortician.at\/wp-content\/uploads\/2021\/12\/hardnheavy2022-745x1024.jpg 745w, https:\/\/www.mortician.at\/wp-content\/uploads\/2021\/12\/hardnheavy2022-218x300.jpg 218w, https:\/\/www.mortician.at\/wp-content\/uploads\/2021\/12\/hardnheavy2022.jpg 1659w\" sizes=\"(max-width: 550px) 100vw, 550px\" \/><\/a><\/p>\n","protected":false},"excerpt":{"rendered":"<p>Am 20.08.2022 findet das 10 Hard n Heavy Festival statt. Ein gro\u00dfes Jubil\u00e4um, welches nat\u00fcrlich gefeiert werden muss. Wie schon seit einigen Jahren findet das Konzert in Satteins (bei Feldkirch) beim Fu\u00dfballplatz statt. Es ist eine grandiose Lokation, mit viel &hellip; <a href=\"https:\/\/www.mortician.at\/?p=1250\" class=\"more-link\">Continue reading<\/a><\/p>\n","protected":false},"author":1,"featured_media":0,"comment_status":"closed","ping_status":"open","sticky":false,"template":"","format":"standard","meta":{"footnotes":""},"categories":[1],"tags":[],"_links":{"self":[{"href":"https:\/\/www.mortician.at\/index.php?rest_route=\/wp\/v2\/posts\/1250"}],"collection":[{"href":"https:\/\/www.mortician.at\/index.php?rest_route=\/wp\/v2\/posts"}],"about":[{"href":"https:\/\/www.mortician.at\/index.php?rest_route=\/wp\/v2\/types\/post"}],"author":[{"embeddable":true,"href":"https:\/\/www.mortician.at\/index.php?rest_route=\/wp\/v2\/users\/1"}],"replies":[{"embeddable":true,"href":"https:\/\/www.mortician.at\/index.php?rest_route=%2Fwp%2Fv2%2Fcomments&post=1250"}],"version-history":[{"count":1,"href":"https:\/\/www.mortician.at\/index.php?rest_route=\/wp\/v2\/posts\/1250\/revisions"}],"predecessor-version":[{"id":1252,"href":"https:\/\/www.mortician.at\/index.php?rest_route=\/wp\/v2\/posts\/1250\/revisions\/1252"}],"wp:attachment":[{"href":"https:\/\/www.mortician.at\/index.php?rest_route=%2Fwp%2Fv2%2Fmedia&parent=1250"}],"wp:term":[{"taxonomy":"category","embeddable":true,"href":"https:\/\/www.mortician.at\/index.php?rest_route=%2Fwp%2Fv2%2Fcategories&post=1250"},{"taxonomy":"post_tag","embeddable":true,"href":"https:\/\/www.mortician.at\/index.php?rest_route=%2Fwp%2Fv2%2Ftags&post=1250"}],"curies":[{"name":"wp","href":"https:\/\/api.w.org\/{rel}","templated":true}]}}